{"id":2982,"date":"2017-06-09T00:39:10","date_gmt":"2017-06-09T00:39:10","guid":{"rendered":"http:\/\/ilab3.aps.edu.pl\/?p=2982"},"modified":"2017-06-13T14:10:41","modified_gmt":"2017-06-13T14:10:41","slug":"goscie-z-ukrainy-w-i-labie","status":"publish","type":"post","link":"https:\/\/ilab3.aps.edu.pl\/?p=2982","title":{"rendered":"Go\u015bcie z Ukrainy w i-Labie"},"content":{"rendered":"<p>8 czerwca 2017 roku go\u015bcili\u015bmy w i-Labie naukowc\u00f3w z <a href=\"http:\/\/www.vspu.edu.ua\">Pa\u0144stwowego Uniwersytetu Pedagogicznego im. M. Kociubi\u0144skiego w Winnicy<\/a>. Idea pracy w i-Labie bardzo spodoba\u0142a si\u0119 naszym go\u015bciom. Ukrai\u0144scy pedagodzy s\u0105 zainteresowani wsp\u00f3\u0142prac\u0105 i utworzeniem i-Laba w swoim Uniwersytecie. Maj\u0105 wielk\u0105 nadziej\u0119, \u017ce uda nam si\u0119 napisa\u0107 projekt finansowany przez Uni\u0119 Europejsk\u0105, w kt\u00f3rym mogliby uczestniczy\u0107.<\/p>\n<p><a href=\"http:\/\/ilab3.aps.edu.pl\/wp-content\/uploads\/2017\/06\/DSC_0809.jpg\"><img loading=\"lazy\" decoding=\"async\" class=\"alignnone size-medium wp-image-2984\" src=\"http:\/\/ilab3.aps.edu.pl\/wp-content\/uploads\/2017\/06\/DSC_0809-300x199.jpg\" alt=\"\" width=\"300\" height=\"199\" srcset=\"https:\/\/ilab3.aps.edu.pl\/wp-content\/uploads\/2017\/06\/DSC_0809-300x199.jpg 300w, https:\/\/ilab3.aps.edu.pl\/wp-content\/uploads\/2017\/06\/DSC_0809-768x511.jpg 768w, https:\/\/ilab3.aps.edu.pl\/wp-content\/uploads\/2017\/06\/DSC_0809-1024x681.jpg 1024w\" sizes=\"auto, (max-width: 300px) 100vw, 300px\" \/><\/a><\/p>\n","protected":false},"excerpt":{"rendered":"<p>8 czerwca 2017 roku go\u015bcili\u015bmy w i-Labie naukowc\u00f3w z Pa\u0144stwowego Uniwersytetu Pedagogicznego im. M. Kociubi\u0144skiego w Winnicy. Idea pracy w i-Labie bardzo spodoba\u0142a si\u0119 naszym go\u015bciom. Ukrai\u0144scy pedagodzy s\u0105 zainteresowani wsp\u00f3\u0142prac\u0105 i utworzeniem i-Laba w swoim Uniwersytecie. Maj\u0105 wielk\u0105 nadziej\u0119, \u017ce uda nam si\u0119 napisa\u0107 projekt finansowany przez Uni\u0119 Europejsk\u0105, w kt\u00f3rym mogliby uczestniczy\u0107.<\/p>\n","protected":false},"author":2,"featured_media":2984,"comment_status":"closed","ping_status":"open","sticky":false,"template":"","format":"standard","meta":{"_bbp_topic_count":0,"_bbp_reply_count":0,"_bbp_total_topic_count":0,"_bbp_total_reply_count":0,"_bbp_voice_count":0,"_bbp_anonymous_reply_count":0,"_bbp_topic_count_hidden":0,"_bbp_reply_count_hidden":0,"_bbp_forum_subforum_count":0,"ngg_post_thumbnail":0,"footnotes":""},"categories":[1],"tags":[],"class_list":["post-2982","post","type-post","status-publish","format-standard","has-post-thumbnail","hentry","category-bez-kategorii"],"_links":{"self":[{"href":"https:\/\/ilab3.aps.edu.pl\/index.php?rest_route=\/wp\/v2\/posts\/2982","targetHints":{"allow":["GET"]}}],"collection":[{"href":"https:\/\/ilab3.aps.edu.pl\/index.php?rest_route=\/wp\/v2\/posts"}],"about":[{"href":"https:\/\/ilab3.aps.edu.pl\/index.php?rest_route=\/wp\/v2\/types\/post"}],"author":[{"embeddable":true,"href":"https:\/\/ilab3.aps.edu.pl\/index.php?rest_route=\/wp\/v2\/users\/2"}],"replies":[{"embeddable":true,"href":"https:\/\/ilab3.aps.edu.pl\/index.php?rest_route=%2Fwp%2Fv2%2Fcomments&post=2982"}],"version-history":[{"count":4,"href":"https:\/\/ilab3.aps.edu.pl\/index.php?rest_route=\/wp\/v2\/posts\/2982\/revisions"}],"predecessor-version":[{"id":3006,"href":"https:\/\/ilab3.aps.edu.pl\/index.php?rest_route=\/wp\/v2\/posts\/2982\/revisions\/3006"}],"wp:featuredmedia":[{"embeddable":true,"href":"https:\/\/ilab3.aps.edu.pl\/index.php?rest_route=\/wp\/v2\/media\/2984"}],"wp:attachment":[{"href":"https:\/\/ilab3.aps.edu.pl\/index.php?rest_route=%2Fwp%2Fv2%2Fmedia&parent=2982"}],"wp:term":[{"taxonomy":"category","embeddable":true,"href":"https:\/\/ilab3.aps.edu.pl\/index.php?rest_route=%2Fwp%2Fv2%2Fcategories&post=2982"},{"taxonomy":"post_tag","embeddable":true,"href":"https:\/\/ilab3.aps.edu.pl\/index.php?rest_route=%2Fwp%2Fv2%2Ftags&post=2982"}],"curies":[{"name":"wp","href":"https:\/\/api.w.org\/{rel}","templated":true}]}}