{"id":1538,"date":"2016-11-14T22:35:47","date_gmt":"2016-11-14T22:35:47","guid":{"rendered":"http:\/\/ilab3.aps.edu.pl\/?p=1538"},"modified":"2017-03-20T10:37:53","modified_gmt":"2017-03-20T10:37:53","slug":"studenci-tyflopedagogiki-goscmi-i-labu","status":"publish","type":"post","link":"https:\/\/ilab3.aps.edu.pl\/?p=1538","title":{"rendered":"Studenci tyflopedagogiki go\u015b\u0107mi i-Labu"},"content":{"rendered":"<p>Studenci III roku tyflopedagogiki prze\u017cyli przygod\u0119 w i-Labie Akademii Pedagogiki Specjalnej, gdzie 14 listopada 2016 r. wzi\u0119li udzia\u0142 w sesji po\u015bwi\u0119conej pracy z dzieckiem niewidomym. W trakcie intensywnej rozgrzewki dwana\u015bcie studentek dzielnie wykorzystywa\u0142o sw\u00f3j tw\u00f3rczy potencja\u0142 do wymy\u015blania innowacyjnych przedmiot\u00f3w, by w fazie ko\u0144cowej stworzy\u0107 pomys\u0142y na projekt edukacyjny po\u015bwi\u0119cony rozwijaniu kompetencji przyrodniczych dzieci niewidomych.<\/p>\n<p><!-- default-view.php -->\n<div\n\tclass=\"ngg-galleryoverview default-view\n\t ngg-ajax-pagination-none\t\"\n\tid=\"ngg-gallery-538d1e9405376376ea7e7e7a6aa74b74-1\"\n\tdata-nextgen-gallery-id=\"42\"\n\tdata-gallery-id=\"42\"\n\t\tdata-gallery-name=\"studenci_tyflopedagogiki\"\n\t>\n\n\t\t<!-- Thumbnails -->\n\t\t\t\t<div id=\"ngg-image-0\" class=\"ngg-gallery-thumbnail-box\n\t\t\t\t\t\t\t\t\t\t\t\"\n\t\t\t>\n\t\t\t\t\t\t<div class=\"ngg-gallery-thumbnail\">\n\t\t<a href=\"https:\/\/ilab3.aps.edu.pl\/wp-content\/uploads\/studenci_tyflopedagogiki\/IMG_3440.JPG?t=1515710337\"\n\t\t\ttitle=\"\"\n\t\t\tdata-src=\"https:\/\/ilab3.aps.edu.pl\/wp-content\/uploads\/studenci_tyflopedagogiki\/IMG_3440.JPG?t=1515710337\"\n\t\t\tdata-thumbnail=\"https:\/\/ilab3.aps.edu.pl\/wp-content\/uploads\/studenci_tyflopedagogiki\/thumbs\/thumbs_IMG_3440.JPG?t=1515710337\"\n\t\t\tdata-image-id=\"145\"\n\t\t\tdata-image-name=\"IMG_3440.JPG\"\n\t\t\tdata-title=\"IMG_3440\"\n\t\t\tdata-description=\"\"\n\t\t\tdata-image-slug=\"img_3440\"\n\t\t\t\t\t\t\t\t\t\t\t\t\t\t\t\t\t\t\t\tclass=\"ngg-fancybox\" rel=\"538d1e9405376376ea7e7e7a6aa74b74\">\n\t\t\t\t\t\t\t\t<img\n\t\t\t\t\ttitle=\"IMG_3440\"\n\t\t\t\t\talt=\"IMG_3440\"\n\t\t\t\t\tsrc=\"https:\/\/ilab3.aps.edu.pl\/wp-content\/uploads\/studenci_tyflopedagogiki\/thumbs\/thumbs_IMG_3440.JPG?t=1515710337\"\n\t\t\t\t\twidth=\"120\"\n\t\t\t\t\theight=\"90\"\n\t\t\t\t\tstyle=\"max-width:100%;\"\n\t\t\t\t\/>\n\t\t\t<\/a>\n\t\t<\/div>\n\t\t\t\t\t\t\t<\/div>\n\t\t\t\n\t\t\t\t<div id=\"ngg-image-1\" class=\"ngg-gallery-thumbnail-box\n\t\t\t\t\t\t\t\t\t\t\t\"\n\t\t\t>\n\t\t\t\t\t\t<div class=\"ngg-gallery-thumbnail\">\n\t\t<a href=\"https:\/\/ilab3.aps.edu.pl\/wp-content\/uploads\/studenci_tyflopedagogiki\/IMG_3438.JPG?t=1490006083\"\n\t\t\ttitle=\"\"\n\t\t\tdata-src=\"https:\/\/ilab3.aps.edu.pl\/wp-content\/uploads\/studenci_tyflopedagogiki\/IMG_3438.JPG?t=1490006083\"\n\t\t\tdata-thumbnail=\"https:\/\/ilab3.aps.edu.pl\/wp-content\/uploads\/studenci_tyflopedagogiki\/thumbs\/thumbs_IMG_3438.JPG?t=1490006083\"\n\t\t\tdata-image-id=\"146\"\n\t\t\tdata-image-name=\"IMG_3438.JPG\"\n\t\t\tdata-title=\"IMG_3438\"\n\t\t\tdata-description=\"\"\n\t\t\tdata-image-slug=\"img_3438\"\n\t\t\t\t\t\t\t\t\t\t\t\t\t\t\t\t\t\t\t\tclass=\"ngg-fancybox\" rel=\"538d1e9405376376ea7e7e7a6aa74b74\">\n\t\t\t\t\t\t\t\t<img\n\t\t\t\t\ttitle=\"IMG_3438\"\n\t\t\t\t\talt=\"IMG_3438\"\n\t\t\t\t\tsrc=\"https:\/\/ilab3.aps.edu.pl\/wp-content\/uploads\/studenci_tyflopedagogiki\/thumbs\/thumbs_IMG_3438.JPG?t=1490006083\"\n\t\t\t\t\twidth=\"120\"\n\t\t\t\t\theight=\"90\"\n\t\t\t\t\tstyle=\"max-width:100%;\"\n\t\t\t\t\/>\n\t\t\t<\/a>\n\t\t<\/div>\n\t\t\t\t\t\t\t<\/div>\n\t\t\t\n\t\t\t\t<div id=\"ngg-image-2\" class=\"ngg-gallery-thumbnail-box\n\t\t\t\t\t\t\t\t\t\t\t\"\n\t\t\t>\n\t\t\t\t\t\t<div class=\"ngg-gallery-thumbnail\">\n\t\t<a href=\"https:\/\/ilab3.aps.edu.pl\/wp-content\/uploads\/studenci_tyflopedagogiki\/IMG_3435.JPG?t=1490006086\"\n\t\t\ttitle=\"\"\n\t\t\tdata-src=\"https:\/\/ilab3.aps.edu.pl\/wp-content\/uploads\/studenci_tyflopedagogiki\/IMG_3435.JPG?t=1490006086\"\n\t\t\tdata-thumbnail=\"https:\/\/ilab3.aps.edu.pl\/wp-content\/uploads\/studenci_tyflopedagogiki\/thumbs\/thumbs_IMG_3435.JPG?t=1490006086\"\n\t\t\tdata-image-id=\"147\"\n\t\t\tdata-image-name=\"IMG_3435.JPG\"\n\t\t\tdata-title=\"IMG_3435\"\n\t\t\tdata-description=\"\"\n\t\t\tdata-image-slug=\"img_3435\"\n\t\t\t\t\t\t\t\t\t\t\t\t\t\t\t\t\t\t\t\tclass=\"ngg-fancybox\" rel=\"538d1e9405376376ea7e7e7a6aa74b74\">\n\t\t\t\t\t\t\t\t<img\n\t\t\t\t\ttitle=\"IMG_3435\"\n\t\t\t\t\talt=\"IMG_3435\"\n\t\t\t\t\tsrc=\"https:\/\/ilab3.aps.edu.pl\/wp-content\/uploads\/studenci_tyflopedagogiki\/thumbs\/thumbs_IMG_3435.JPG?t=1490006086\"\n\t\t\t\t\twidth=\"120\"\n\t\t\t\t\theight=\"90\"\n\t\t\t\t\tstyle=\"max-width:100%;\"\n\t\t\t\t\/>\n\t\t\t<\/a>\n\t\t<\/div>\n\t\t\t\t\t\t\t<\/div>\n\t\t\t\n\t\t\t\t<div id=\"ngg-image-3\" class=\"ngg-gallery-thumbnail-box\n\t\t\t\t\t\t\t\t\t\t\t\"\n\t\t\t>\n\t\t\t\t\t\t<div class=\"ngg-gallery-thumbnail\">\n\t\t<a href=\"https:\/\/ilab3.aps.edu.pl\/wp-content\/uploads\/studenci_tyflopedagogiki\/IMG_3425.JPG?t=1490006089\"\n\t\t\ttitle=\"\"\n\t\t\tdata-src=\"https:\/\/ilab3.aps.edu.pl\/wp-content\/uploads\/studenci_tyflopedagogiki\/IMG_3425.JPG?t=1490006089\"\n\t\t\tdata-thumbnail=\"https:\/\/ilab3.aps.edu.pl\/wp-content\/uploads\/studenci_tyflopedagogiki\/thumbs\/thumbs_IMG_3425.JPG?t=1490006089\"\n\t\t\tdata-image-id=\"148\"\n\t\t\tdata-image-name=\"IMG_3425.JPG\"\n\t\t\tdata-title=\"IMG_3425\"\n\t\t\tdata-description=\"\"\n\t\t\tdata-image-slug=\"img_3425\"\n\t\t\t\t\t\t\t\t\t\t\t\t\t\t\t\t\t\t\t\tclass=\"ngg-fancybox\" rel=\"538d1e9405376376ea7e7e7a6aa74b74\">\n\t\t\t\t\t\t\t\t<img\n\t\t\t\t\ttitle=\"IMG_3425\"\n\t\t\t\t\talt=\"IMG_3425\"\n\t\t\t\t\tsrc=\"https:\/\/ilab3.aps.edu.pl\/wp-content\/uploads\/studenci_tyflopedagogiki\/thumbs\/thumbs_IMG_3425.JPG?t=1490006089\"\n\t\t\t\t\twidth=\"120\"\n\t\t\t\t\theight=\"90\"\n\t\t\t\t\tstyle=\"max-width:100%;\"\n\t\t\t\t\/>\n\t\t\t<\/a>\n\t\t<\/div>\n\t\t\t\t\t\t\t<\/div>\n\t\t\t\n\t\n\t<br style=\"clear: both\" \/>\n\n\t\n\t\t<!-- Pagination -->\n\t\t<div class='ngg-clear'><\/div>\t<\/div>\n<\/p>\n","protected":false},"excerpt":{"rendered":"<p>Studenci III roku tyflopedagogiki prze\u017cyli przygod\u0119 w i-Labie Akademii Pedagogiki Specjalnej, gdzie 14 listopada 2016 r. wzi\u0119li udzia\u0142 w sesji po\u015bwi\u0119conej pracy z dzieckiem niewidomym. W trakcie intensywnej rozgrzewki dwana\u015bcie studentek dzielnie wykorzystywa\u0142o sw\u00f3j tw\u00f3rczy potencja\u0142 do wymy\u015blania innowacyjnych przedmiot\u00f3w, by w fazie ko\u0144cowej stworzy\u0107 pomys\u0142y na projekt edukacyjny po\u015bwi\u0119cony rozwijaniu kompetencji przyrodniczych dzieci niewidomych.<\/p>\n","protected":false},"author":1,"featured_media":1551,"comment_status":"closed","ping_status":"open","sticky":false,"template":"","format":"standard","meta":{"_bbp_topic_count":0,"_bbp_reply_count":0,"_bbp_total_topic_count":0,"_bbp_total_reply_count":0,"_bbp_voice_count":0,"_bbp_anonymous_reply_count":0,"_bbp_topic_count_hidden":0,"_bbp_reply_count_hidden":0,"_bbp_forum_subforum_count":0,"ngg_post_thumbnail":0,"footnotes":""},"categories":[1],"tags":[],"class_list":["post-1538","post","type-post","status-publish","format-standard","has-post-thumbnail","hentry","category-bez-kategorii"],"_links":{"self":[{"href":"https:\/\/ilab3.aps.edu.pl\/index.php?rest_route=\/wp\/v2\/posts\/1538","targetHints":{"allow":["GET"]}}],"collection":[{"href":"https:\/\/ilab3.aps.edu.pl\/index.php?rest_route=\/wp\/v2\/posts"}],"about":[{"href":"https:\/\/ilab3.aps.edu.pl\/index.php?rest_route=\/wp\/v2\/types\/post"}],"author":[{"embeddable":true,"href":"https:\/\/ilab3.aps.edu.pl\/index.php?rest_route=\/wp\/v2\/users\/1"}],"replies":[{"embeddable":true,"href":"https:\/\/ilab3.aps.edu.pl\/index.php?rest_route=%2Fwp%2Fv2%2Fcomments&post=1538"}],"version-history":[{"count":1,"href":"https:\/\/ilab3.aps.edu.pl\/index.php?rest_route=\/wp\/v2\/posts\/1538\/revisions"}],"predecessor-version":[{"id":1550,"href":"https:\/\/ilab3.aps.edu.pl\/index.php?rest_route=\/wp\/v2\/posts\/1538\/revisions\/1550"}],"wp:featuredmedia":[{"embeddable":true,"href":"https:\/\/ilab3.aps.edu.pl\/index.php?rest_route=\/wp\/v2\/media\/1551"}],"wp:attachment":[{"href":"https:\/\/ilab3.aps.edu.pl\/index.php?rest_route=%2Fwp%2Fv2%2Fmedia&parent=1538"}],"wp:term":[{"taxonomy":"category","embeddable":true,"href":"https:\/\/ilab3.aps.edu.pl\/index.php?rest_route=%2Fwp%2Fv2%2Fcategories&post=1538"},{"taxonomy":"post_tag","embeddable":true,"href":"https:\/\/ilab3.aps.edu.pl\/index.php?rest_route=%2Fwp%2Fv2%2Ftags&post=1538"}],"curies":[{"name":"wp","href":"https:\/\/api.w.org\/{rel}","templated":true}]}}