{"id":1500,"date":"2017-03-16T10:36:45","date_gmt":"2017-03-16T10:36:45","guid":{"rendered":"http:\/\/ilab3.aps.edu.pl\/?p=1500"},"modified":"2017-03-16T16:20:15","modified_gmt":"2017-03-16T16:20:15","slug":"poster-v-olomoucke-specialnepedagogicke-dny","status":"publish","type":"post","link":"https:\/\/ilab3.aps.edu.pl\/?p=1500","title":{"rendered":"Poster.V. Olomouck\u00e9 speci\u00e1ln\u011bpedagogick\u00e9 dny"},"content":{"rendered":"<p>&nbsp;<\/p>\n<p><a href=\"http:\/\/ilab3.aps.edu.pl\/wp-content\/uploads\/2017\/03\/20170314_130351-1-e1489681058481.jpg\" rel=\"attachment wp-att-1502\"><img loading=\"lazy\" decoding=\"async\" class=\"alignnone size-medium wp-image-1502\" src=\"http:\/\/ilab3.aps.edu.pl\/wp-content\/uploads\/2017\/03\/20170314_130351-1-e1489681058481-169x300.jpg\" alt=\"20170314_130351 (1)\" width=\"169\" height=\"300\" srcset=\"https:\/\/ilab3.aps.edu.pl\/wp-content\/uploads\/2017\/03\/20170314_130351-1-e1489681058481-169x300.jpg 169w, https:\/\/ilab3.aps.edu.pl\/wp-content\/uploads\/2017\/03\/20170314_130351-1-e1489681058481-768x1365.jpg 768w, https:\/\/ilab3.aps.edu.pl\/wp-content\/uploads\/2017\/03\/20170314_130351-1-e1489681058481-576x1024.jpg 576w, https:\/\/ilab3.aps.edu.pl\/wp-content\/uploads\/2017\/03\/20170314_130351-1-e1489681058481.jpg 1836w\" sizes=\"auto, (max-width: 169px) 100vw, 169px\" \/><\/a><\/p>\n<p>N\u00e1\u0161 projekt byl p\u0159edstaven prost\u0159ednictv\u00edm posteru na konferenci konan\u00e9 v Olomouci.\u00a0Poster naleznete v sekci repozit\u00e1\u0159, nebo zde\u00a0http:\/\/ilab3.aps.edu.pl\/wp-content\/uploads\/2015\/02\/Poster.-V.-Olomouck%C3%A9-speci%C3%A1ln%C4%9Bpedagogick%C3%A9-dny.pdf<\/p>\n<p>&nbsp;<\/p>\n","protected":false},"excerpt":{"rendered":"<p>&nbsp; N\u00e1\u0161 projekt byl p\u0159edstaven prost\u0159ednictv\u00edm posteru na konferenci konan\u00e9 v Olomouci.\u00a0Poster naleznete v sekci repozit\u00e1\u0159, nebo zde\u00a0http:\/\/ilab3.aps.edu.pl\/wp-content\/uploads\/2015\/02\/Poster.-V.-Olomouck%C3%A9-speci%C3%A1ln%C4%9Bpedagogick%C3%A9-dny.pdf &nbsp;<\/p>\n","protected":false},"author":19,"featured_media":1475,"comment_status":"closed","ping_status":"open","sticky":false,"template":"","format":"standard","meta":{"_bbp_topic_count":0,"_bbp_reply_count":0,"_bbp_total_topic_count":0,"_bbp_total_reply_count":0,"_bbp_voice_count":0,"_bbp_anonymous_reply_count":0,"_bbp_topic_count_hidden":0,"_bbp_reply_count_hidden":0,"_bbp_forum_subforum_count":0,"ngg_post_thumbnail":0,"footnotes":""},"categories":[15],"tags":[],"class_list":["post-1500","post","type-post","status-publish","format-standard","has-post-thumbnail","hentry","category-bez-kategorii-cs"],"_links":{"self":[{"href":"https:\/\/ilab3.aps.edu.pl\/index.php?rest_route=\/wp\/v2\/posts\/1500","targetHints":{"allow":["GET"]}}],"collection":[{"href":"https:\/\/ilab3.aps.edu.pl\/index.php?rest_route=\/wp\/v2\/posts"}],"about":[{"href":"https:\/\/ilab3.aps.edu.pl\/index.php?rest_route=\/wp\/v2\/types\/post"}],"author":[{"embeddable":true,"href":"https:\/\/ilab3.aps.edu.pl\/index.php?rest_route=\/wp\/v2\/users\/19"}],"replies":[{"embeddable":true,"href":"https:\/\/ilab3.aps.edu.pl\/index.php?rest_route=%2Fwp%2Fv2%2Fcomments&post=1500"}],"version-history":[{"count":3,"href":"https:\/\/ilab3.aps.edu.pl\/index.php?rest_route=\/wp\/v2\/posts\/1500\/revisions"}],"predecessor-version":[{"id":1503,"href":"https:\/\/ilab3.aps.edu.pl\/index.php?rest_route=\/wp\/v2\/posts\/1500\/revisions\/1503"}],"wp:featuredmedia":[{"embeddable":true,"href":"https:\/\/ilab3.aps.edu.pl\/index.php?rest_route=\/wp\/v2\/media\/1475"}],"wp:attachment":[{"href":"https:\/\/ilab3.aps.edu.pl\/index.php?rest_route=%2Fwp%2Fv2%2Fmedia&parent=1500"}],"wp:term":[{"taxonomy":"category","embeddable":true,"href":"https:\/\/ilab3.aps.edu.pl\/index.php?rest_route=%2Fwp%2Fv2%2Fcategories&post=1500"},{"taxonomy":"post_tag","embeddable":true,"href":"https:\/\/ilab3.aps.edu.pl\/index.php?rest_route=%2Fwp%2Fv2%2Ftags&post=1500"}],"curies":[{"name":"wp","href":"https:\/\/api.w.org\/{rel}","templated":true}]}}