{"id":1463,"date":"2016-11-09T17:23:23","date_gmt":"2016-11-09T17:23:23","guid":{"rendered":"http:\/\/ilab3.aps.edu.pl\/?p=1463"},"modified":"2017-03-22T11:58:33","modified_gmt":"2017-03-22T11:58:33","slug":"1463","status":"publish","type":"post","link":"https:\/\/ilab3.aps.edu.pl\/?p=1463","title":{"rendered":"Studenci animacji spo\u0142eczno-kulturowej w i-Labie"},"content":{"rendered":"<p>Dziewi\u0105tego listopada 2016 r. dwie grupy student\u00f3w animacji spo\u0142eczno-kulturowej III roku wzi\u0119\u0142y udzia\u0142 w sesji i-Labowej, kt\u00f3rej celem by\u0142o wykorzystanie komputerowej burzy m\u00f3zg\u00f3w do przygotowania projekt\u00f3w edukacyjnych wspieraj\u0105cych dzieci przedszkolne i wczesnoszkolne w procesie rozwoju. By\u0142o mn\u00f3stwo \u015bmiechu i zabawy po\u0142\u0105czonej z generowaniem ciekawych pomys\u0142\u00f3w w zakresie outdoorowej edukacji przyrodniczej.<\/p>\n<p><!-- default-view.php -->\n<div\n\tclass=\"ngg-galleryoverview default-view\n\t ngg-ajax-pagination-none\t\"\n\tid=\"ngg-gallery-0810f5b9e64d491b6a691acafdcd73d5-1\"\n\tdata-nextgen-gallery-id=\"41\"\n\tdata-gallery-id=\"41\"\n\t\tdata-gallery-name=\"studenci_w_ilab_9_11_2016\"\n\t>\n\n\t\t<!-- Thumbnails -->\n\t\t\t\t<div id=\"ngg-image-0\" class=\"ngg-gallery-thumbnail-box\n\t\t\t\t\t\t\t\t\t\t\t\"\n\t\t\t>\n\t\t\t\t\t\t<div class=\"ngg-gallery-thumbnail\">\n\t\t<a href=\"https:\/\/ilab3.aps.edu.pl\/wp-content\/uploads\/studenci_w_ilab_9_11_2016\/IMG_3256.JPG?t=1515710337\"\n\t\t\ttitle=\"\"\n\t\t\tdata-src=\"https:\/\/ilab3.aps.edu.pl\/wp-content\/uploads\/studenci_w_ilab_9_11_2016\/IMG_3256.JPG?t=1515710337\"\n\t\t\tdata-thumbnail=\"https:\/\/ilab3.aps.edu.pl\/wp-content\/uploads\/studenci_w_ilab_9_11_2016\/thumbs\/thumbs_IMG_3256.JPG?t=1515710337\"\n\t\t\tdata-image-id=\"138\"\n\t\t\tdata-image-name=\"IMG_3256.JPG\"\n\t\t\tdata-title=\"IMG_3256\"\n\t\t\tdata-description=\"\"\n\t\t\tdata-image-slug=\"img_3256\"\n\t\t\t\t\t\t\t\t\t\t\t\t\t\t\t\t\t\t\t\tclass=\"ngg-fancybox\" rel=\"0810f5b9e64d491b6a691acafdcd73d5\">\n\t\t\t\t\t\t\t\t<img\n\t\t\t\t\ttitle=\"IMG_3256\"\n\t\t\t\t\talt=\"IMG_3256\"\n\t\t\t\t\tsrc=\"https:\/\/ilab3.aps.edu.pl\/wp-content\/uploads\/studenci_w_ilab_9_11_2016\/thumbs\/thumbs_IMG_3256.JPG?t=1515710337\"\n\t\t\t\t\twidth=\"120\"\n\t\t\t\t\theight=\"90\"\n\t\t\t\t\tstyle=\"max-width:100%;\"\n\t\t\t\t\/>\n\t\t\t<\/a>\n\t\t<\/div>\n\t\t\t\t\t\t\t<\/div>\n\t\t\t\n\t\t\t\t<div id=\"ngg-image-1\" class=\"ngg-gallery-thumbnail-box\n\t\t\t\t\t\t\t\t\t\t\t\"\n\t\t\t>\n\t\t\t\t\t\t<div class=\"ngg-gallery-thumbnail\">\n\t\t<a href=\"https:\/\/ilab3.aps.edu.pl\/wp-content\/uploads\/studenci_w_ilab_9_11_2016\/IMG_3245.JPG?t=1490005727\"\n\t\t\ttitle=\"\"\n\t\t\tdata-src=\"https:\/\/ilab3.aps.edu.pl\/wp-content\/uploads\/studenci_w_ilab_9_11_2016\/IMG_3245.JPG?t=1490005727\"\n\t\t\tdata-thumbnail=\"https:\/\/ilab3.aps.edu.pl\/wp-content\/uploads\/studenci_w_ilab_9_11_2016\/thumbs\/thumbs_IMG_3245.JPG?t=1490005727\"\n\t\t\tdata-image-id=\"139\"\n\t\t\tdata-image-name=\"IMG_3245.JPG\"\n\t\t\tdata-title=\"IMG_3245\"\n\t\t\tdata-description=\"\"\n\t\t\tdata-image-slug=\"img_3245\"\n\t\t\t\t\t\t\t\t\t\t\t\t\t\t\t\t\t\t\t\tclass=\"ngg-fancybox\" rel=\"0810f5b9e64d491b6a691acafdcd73d5\">\n\t\t\t\t\t\t\t\t<img\n\t\t\t\t\ttitle=\"IMG_3245\"\n\t\t\t\t\talt=\"IMG_3245\"\n\t\t\t\t\tsrc=\"https:\/\/ilab3.aps.edu.pl\/wp-content\/uploads\/studenci_w_ilab_9_11_2016\/thumbs\/thumbs_IMG_3245.JPG?t=1490005727\"\n\t\t\t\t\twidth=\"120\"\n\t\t\t\t\theight=\"90\"\n\t\t\t\t\tstyle=\"max-width:100%;\"\n\t\t\t\t\/>\n\t\t\t<\/a>\n\t\t<\/div>\n\t\t\t\t\t\t\t<\/div>\n\t\t\t\n\t\t\t\t<div id=\"ngg-image-2\" class=\"ngg-gallery-thumbnail-box\n\t\t\t\t\t\t\t\t\t\t\t\"\n\t\t\t>\n\t\t\t\t\t\t<div class=\"ngg-gallery-thumbnail\">\n\t\t<a href=\"https:\/\/ilab3.aps.edu.pl\/wp-content\/uploads\/studenci_w_ilab_9_11_2016\/IMG_3241.JPG?t=1490005730\"\n\t\t\ttitle=\"\"\n\t\t\tdata-src=\"https:\/\/ilab3.aps.edu.pl\/wp-content\/uploads\/studenci_w_ilab_9_11_2016\/IMG_3241.JPG?t=1490005730\"\n\t\t\tdata-thumbnail=\"https:\/\/ilab3.aps.edu.pl\/wp-content\/uploads\/studenci_w_ilab_9_11_2016\/thumbs\/thumbs_IMG_3241.JPG?t=1490005730\"\n\t\t\tdata-image-id=\"140\"\n\t\t\tdata-image-name=\"IMG_3241.JPG\"\n\t\t\tdata-title=\"IMG_3241\"\n\t\t\tdata-description=\"\"\n\t\t\tdata-image-slug=\"img_3241\"\n\t\t\t\t\t\t\t\t\t\t\t\t\t\t\t\t\t\t\t\tclass=\"ngg-fancybox\" rel=\"0810f5b9e64d491b6a691acafdcd73d5\">\n\t\t\t\t\t\t\t\t<img\n\t\t\t\t\ttitle=\"IMG_3241\"\n\t\t\t\t\talt=\"IMG_3241\"\n\t\t\t\t\tsrc=\"https:\/\/ilab3.aps.edu.pl\/wp-content\/uploads\/studenci_w_ilab_9_11_2016\/thumbs\/thumbs_IMG_3241.JPG?t=1490005730\"\n\t\t\t\t\twidth=\"120\"\n\t\t\t\t\theight=\"90\"\n\t\t\t\t\tstyle=\"max-width:100%;\"\n\t\t\t\t\/>\n\t\t\t<\/a>\n\t\t<\/div>\n\t\t\t\t\t\t\t<\/div>\n\t\t\t\n\t\t\t\t<div id=\"ngg-image-3\" class=\"ngg-gallery-thumbnail-box\n\t\t\t\t\t\t\t\t\t\t\t\"\n\t\t\t>\n\t\t\t\t\t\t<div class=\"ngg-gallery-thumbnail\">\n\t\t<a href=\"https:\/\/ilab3.aps.edu.pl\/wp-content\/uploads\/studenci_w_ilab_9_11_2016\/IMG_3223.JPG?t=1490005734\"\n\t\t\ttitle=\"\"\n\t\t\tdata-src=\"https:\/\/ilab3.aps.edu.pl\/wp-content\/uploads\/studenci_w_ilab_9_11_2016\/IMG_3223.JPG?t=1490005734\"\n\t\t\tdata-thumbnail=\"https:\/\/ilab3.aps.edu.pl\/wp-content\/uploads\/studenci_w_ilab_9_11_2016\/thumbs\/thumbs_IMG_3223.JPG?t=1490005734\"\n\t\t\tdata-image-id=\"141\"\n\t\t\tdata-image-name=\"IMG_3223.JPG\"\n\t\t\tdata-title=\"IMG_3223\"\n\t\t\tdata-description=\"\"\n\t\t\tdata-image-slug=\"img_3223\"\n\t\t\t\t\t\t\t\t\t\t\t\t\t\t\t\t\t\t\t\tclass=\"ngg-fancybox\" rel=\"0810f5b9e64d491b6a691acafdcd73d5\">\n\t\t\t\t\t\t\t\t<img\n\t\t\t\t\ttitle=\"IMG_3223\"\n\t\t\t\t\talt=\"IMG_3223\"\n\t\t\t\t\tsrc=\"https:\/\/ilab3.aps.edu.pl\/wp-content\/uploads\/studenci_w_ilab_9_11_2016\/thumbs\/thumbs_IMG_3223.JPG?t=1490005734\"\n\t\t\t\t\twidth=\"120\"\n\t\t\t\t\theight=\"90\"\n\t\t\t\t\tstyle=\"max-width:100%;\"\n\t\t\t\t\/>\n\t\t\t<\/a>\n\t\t<\/div>\n\t\t\t\t\t\t\t<\/div>\n\t\t\t\n\t\t\t\t<div id=\"ngg-image-4\" class=\"ngg-gallery-thumbnail-box\n\t\t\t\t\t\t\t\t\t\t\t\"\n\t\t\t>\n\t\t\t\t\t\t<div class=\"ngg-gallery-thumbnail\">\n\t\t<a href=\"https:\/\/ilab3.aps.edu.pl\/wp-content\/uploads\/studenci_w_ilab_9_11_2016\/IMG_3209.JPG?t=1490005737\"\n\t\t\ttitle=\"\"\n\t\t\tdata-src=\"https:\/\/ilab3.aps.edu.pl\/wp-content\/uploads\/studenci_w_ilab_9_11_2016\/IMG_3209.JPG?t=1490005737\"\n\t\t\tdata-thumbnail=\"https:\/\/ilab3.aps.edu.pl\/wp-content\/uploads\/studenci_w_ilab_9_11_2016\/thumbs\/thumbs_IMG_3209.JPG?t=1490005737\"\n\t\t\tdata-image-id=\"142\"\n\t\t\tdata-image-name=\"IMG_3209.JPG\"\n\t\t\tdata-title=\"IMG_3209\"\n\t\t\tdata-description=\"\"\n\t\t\tdata-image-slug=\"img_3209\"\n\t\t\t\t\t\t\t\t\t\t\t\t\t\t\t\t\t\t\t\tclass=\"ngg-fancybox\" rel=\"0810f5b9e64d491b6a691acafdcd73d5\">\n\t\t\t\t\t\t\t\t<img\n\t\t\t\t\ttitle=\"IMG_3209\"\n\t\t\t\t\talt=\"IMG_3209\"\n\t\t\t\t\tsrc=\"https:\/\/ilab3.aps.edu.pl\/wp-content\/uploads\/studenci_w_ilab_9_11_2016\/thumbs\/thumbs_IMG_3209.JPG?t=1490005737\"\n\t\t\t\t\twidth=\"120\"\n\t\t\t\t\theight=\"90\"\n\t\t\t\t\tstyle=\"max-width:100%;\"\n\t\t\t\t\/>\n\t\t\t<\/a>\n\t\t<\/div>\n\t\t\t\t\t\t\t<\/div>\n\t\t\t\n\t\t\t\t<div id=\"ngg-image-5\" class=\"ngg-gallery-thumbnail-box\n\t\t\t\t\t\t\t\t\t\t\t\"\n\t\t\t>\n\t\t\t\t\t\t<div class=\"ngg-gallery-thumbnail\">\n\t\t<a href=\"https:\/\/ilab3.aps.edu.pl\/wp-content\/uploads\/studenci_w_ilab_9_11_2016\/IMG_3200.JPG?t=1490005740\"\n\t\t\ttitle=\"\"\n\t\t\tdata-src=\"https:\/\/ilab3.aps.edu.pl\/wp-content\/uploads\/studenci_w_ilab_9_11_2016\/IMG_3200.JPG?t=1490005740\"\n\t\t\tdata-thumbnail=\"https:\/\/ilab3.aps.edu.pl\/wp-content\/uploads\/studenci_w_ilab_9_11_2016\/thumbs\/thumbs_IMG_3200.JPG?t=1490005740\"\n\t\t\tdata-image-id=\"143\"\n\t\t\tdata-image-name=\"IMG_3200.JPG\"\n\t\t\tdata-title=\"IMG_3200\"\n\t\t\tdata-description=\"\"\n\t\t\tdata-image-slug=\"img_3200\"\n\t\t\t\t\t\t\t\t\t\t\t\t\t\t\t\t\t\t\t\tclass=\"ngg-fancybox\" rel=\"0810f5b9e64d491b6a691acafdcd73d5\">\n\t\t\t\t\t\t\t\t<img\n\t\t\t\t\ttitle=\"IMG_3200\"\n\t\t\t\t\talt=\"IMG_3200\"\n\t\t\t\t\tsrc=\"https:\/\/ilab3.aps.edu.pl\/wp-content\/uploads\/studenci_w_ilab_9_11_2016\/thumbs\/thumbs_IMG_3200.JPG?t=1490005740\"\n\t\t\t\t\twidth=\"120\"\n\t\t\t\t\theight=\"90\"\n\t\t\t\t\tstyle=\"max-width:100%;\"\n\t\t\t\t\/>\n\t\t\t<\/a>\n\t\t<\/div>\n\t\t\t\t\t\t\t<\/div>\n\t\t\t\n\t\t\t\t<div id=\"ngg-image-6\" class=\"ngg-gallery-thumbnail-box\n\t\t\t\t\t\t\t\t\t\t\t\"\n\t\t\t>\n\t\t\t\t\t\t<div class=\"ngg-gallery-thumbnail\">\n\t\t<a href=\"https:\/\/ilab3.aps.edu.pl\/wp-content\/uploads\/studenci_w_ilab_9_11_2016\/IMG_3190.JPG?t=1490005744\"\n\t\t\ttitle=\"\"\n\t\t\tdata-src=\"https:\/\/ilab3.aps.edu.pl\/wp-content\/uploads\/studenci_w_ilab_9_11_2016\/IMG_3190.JPG?t=1490005744\"\n\t\t\tdata-thumbnail=\"https:\/\/ilab3.aps.edu.pl\/wp-content\/uploads\/studenci_w_ilab_9_11_2016\/thumbs\/thumbs_IMG_3190.JPG?t=1490005744\"\n\t\t\tdata-image-id=\"144\"\n\t\t\tdata-image-name=\"IMG_3190.JPG\"\n\t\t\tdata-title=\"IMG_3190\"\n\t\t\tdata-description=\"\"\n\t\t\tdata-image-slug=\"img_3190\"\n\t\t\t\t\t\t\t\t\t\t\t\t\t\t\t\t\t\t\t\tclass=\"ngg-fancybox\" rel=\"0810f5b9e64d491b6a691acafdcd73d5\">\n\t\t\t\t\t\t\t\t<img\n\t\t\t\t\ttitle=\"IMG_3190\"\n\t\t\t\t\talt=\"IMG_3190\"\n\t\t\t\t\tsrc=\"https:\/\/ilab3.aps.edu.pl\/wp-content\/uploads\/studenci_w_ilab_9_11_2016\/thumbs\/thumbs_IMG_3190.JPG?t=1490005744\"\n\t\t\t\t\twidth=\"120\"\n\t\t\t\t\theight=\"90\"\n\t\t\t\t\tstyle=\"max-width:100%;\"\n\t\t\t\t\/>\n\t\t\t<\/a>\n\t\t<\/div>\n\t\t\t\t\t\t\t<\/div>\n\t\t\t\n\t\n\t<br style=\"clear: both\" \/>\n\n\t\n\t\t<!-- Pagination -->\n\t\t<div class='ngg-clear'><\/div>\t<\/div>\n<\/p>\n","protected":false},"excerpt":{"rendered":"<p>Dziewi\u0105tego listopada 2016 r. dwie grupy student\u00f3w animacji spo\u0142eczno-kulturowej III roku wzi\u0119\u0142y udzia\u0142 w sesji i-Labowej, kt\u00f3rej celem by\u0142o wykorzystanie komputerowej burzy m\u00f3zg\u00f3w do przygotowania projekt\u00f3w edukacyjnych wspieraj\u0105cych dzieci przedszkolne i wczesnoszkolne w procesie rozwoju. By\u0142o mn\u00f3stwo \u015bmiechu i zabawy po\u0142\u0105czonej z generowaniem ciekawych pomys\u0142\u00f3w w zakresie outdoorowej edukacji przyrodniczej.<\/p>\n","protected":false},"author":16,"featured_media":1552,"comment_status":"closed","ping_status":"open","sticky":false,"template":"","format":"standard","meta":{"_bbp_topic_count":0,"_bbp_reply_count":0,"_bbp_total_topic_count":0,"_bbp_total_reply_count":0,"_bbp_voice_count":0,"_bbp_anonymous_reply_count":0,"_bbp_topic_count_hidden":0,"_bbp_reply_count_hidden":0,"_bbp_forum_subforum_count":0,"ngg_post_thumbnail":0,"footnotes":""},"categories":[1],"tags":[],"class_list":["post-1463","post","type-post","status-publish","format-standard","has-post-thumbnail","hentry","category-bez-kategorii"],"_links":{"self":[{"href":"https:\/\/ilab3.aps.edu.pl\/index.php?rest_route=\/wp\/v2\/posts\/1463","targetHints":{"allow":["GET"]}}],"collection":[{"href":"https:\/\/ilab3.aps.edu.pl\/index.php?rest_route=\/wp\/v2\/posts"}],"about":[{"href":"https:\/\/ilab3.aps.edu.pl\/index.php?rest_route=\/wp\/v2\/types\/post"}],"author":[{"embeddable":true,"href":"https:\/\/ilab3.aps.edu.pl\/index.php?rest_route=\/wp\/v2\/users\/16"}],"replies":[{"embeddable":true,"href":"https:\/\/ilab3.aps.edu.pl\/index.php?rest_route=%2Fwp%2Fv2%2Fcomments&post=1463"}],"version-history":[{"count":4,"href":"https:\/\/ilab3.aps.edu.pl\/index.php?rest_route=\/wp\/v2\/posts\/1463\/revisions"}],"predecessor-version":[{"id":1553,"href":"https:\/\/ilab3.aps.edu.pl\/index.php?rest_route=\/wp\/v2\/posts\/1463\/revisions\/1553"}],"wp:featuredmedia":[{"embeddable":true,"href":"https:\/\/ilab3.aps.edu.pl\/index.php?rest_route=\/wp\/v2\/media\/1552"}],"wp:attachment":[{"href":"https:\/\/ilab3.aps.edu.pl\/index.php?rest_route=%2Fwp%2Fv2%2Fmedia&parent=1463"}],"wp:term":[{"taxonomy":"category","embeddable":true,"href":"https:\/\/ilab3.aps.edu.pl\/index.php?rest_route=%2Fwp%2Fv2%2Fcategories&post=1463"},{"taxonomy":"post_tag","embeddable":true,"href":"https:\/\/ilab3.aps.edu.pl\/index.php?rest_route=%2Fwp%2Fv2%2Ftags&post=1463"}],"curies":[{"name":"wp","href":"https:\/\/api.w.org\/{rel}","templated":true}]}}